{"id":16569,"date":"2022-09-13T00:17:26","date_gmt":"2022-09-12T21:17:26","guid":{"rendered":"https:\/\/kilikya.com.tr\/?p=16569"},"modified":"2022-09-13T00:17:26","modified_gmt":"2022-09-12T21:17:26","slug":"kilikya-salgam-wordfood-istanbul-fuarinda","status":"publish","type":"post","link":"https:\/\/kilikya.com.tr\/en\/kilikya-salgam-wordfood-istanbul-fuarinda\/","title":{"rendered":"Kilikya \u015ealgam Wordfood \u0130stanbul Fuar\u0131nda !"},"content":{"rendered":"<p><strong>1-4 Eyl\u00fcl 2022 tarihinde T\u00fcyap Fuar Merkezinde ger\u00e7ekle\u015ftirilecek\u00a0 WorldFood \u0130stanbul Fuar\u0131nda yerini alan Kilikya \u015ealgam \u00a0yeni \u00fcr\u00fcn \u00e7e\u015fitlerini g\u0131da d\u00fcnyas\u0131na sunacak. D\u00fcnya\u2019dan ve T\u00fcrkiye\u2019den gelecek olan g\u0131da distrib\u00fct\u00f6rlerini stand\u0131nda kar\u015f\u0131layacak olman\u0131n heyecan\u0131n\u0131 \u00a0ya\u015fayan Kilikya \u015ealgam ekibi,\u00a0 yeni i\u015f ortaklar\u0131 ile tan\u0131\u015faca\u011f\u0131 4 g\u00fcn\u00fcn sonunda ihracat yapt\u0131\u011f\u0131 \u00fclkelere yenilerini eklemeyi hedefliyor.<\/strong><\/p>\n<p><strong>\u00a0<\/strong><\/p>\n<p>Bu y\u0131l 30\u2019uncu kez d\u00fczenlenecek olan WorldFood \u0130stanbul Fuar\u0131\u2019nda 8. Hall\u2019de yerini alan Kilikya \u015ealgam, 700\u2019e yak\u0131n yerli ve yabanc\u0131 kat\u0131l\u0131mc\u0131n\u0131n, 10 binlerce ziyaret\u00e7inin gelmesi beklenen fuar i\u00e7in kapsaml\u0131 bir haz\u0131rl\u0131k yapt\u0131.<\/p>\n<p>Kilikya \u015ealgam\u2019\u0131n\u00a0 lokomotif \u00fcr\u00fcn\u00fc Mor havu\u00e7 mucizesi \u015falgam \u00e7e\u015fitlerinin yan\u0131 s\u0131ra sirke \u00e7e\u015fitleri, sos \u00e7e\u015fitleri, limonata, \u0131ce tea, tur\u015fu suyu kategori ba\u015fl\u0131klar\u0131n\u0131n alt\u0131nda 100 \u2018e yak\u0131n \u00fcr\u00fcn portf\u00f6y\u00fc ile t\u00fcketicisinin sofralar\u0131n\u0131 ta\u00e7land\u0131r\u0131rken, 2021\u00a0 y\u0131l\u0131 yaz ay\u0131nda g\u0131da d\u00fcnyas\u0131na kazand\u0131rd\u0131\u011f\u0131 yeni \u00fcr\u00fcnleri de payda\u015flar\u0131na anlatarak yeni pazarlara a\u00e7\u0131lacak olman\u0131n haz\u0131rl\u0131klar\u0131n\u0131 tamamlad\u0131.<\/p>\n<p>Vi\u015fne tanelerinin hafif\u00a0 ek\u015fimsi tad\u0131n\u0131 hissettiren \u201c Kilikya Vi\u015fne Aromal\u0131 i\u00e7ecek \u201c, \u00a0Karadut meyvesinin en lezizleri \u201cKilikya Karadutlu i\u00e7ecek\u201d , A\u015f\u0131r\u0131 ac\u0131y\u0131 sevenler i\u00e7in \u00fcretilen Ac\u0131 tutkunlar\u0131n\u0131n favorisi olan \u201cKilikya \u00c7ok Ac\u0131l\u0131 \u015ealgam\u201d ve \u201cKilikya Sar\u0131msak Sosu\u2019nu\u201d \u00a0\u00fcretti.\u00a0 Temizlikte beyaz sirkenin yaratt\u0131\u011f\u0131 freshlik ve hijyen duygusunu bitki \u00f6zlerinin g\u00fcc\u00fc ile birle\u015ftirerek, lavanta ya\u011f\u0131 ve aromas\u0131n\u0131n mis kokusunu \u201dLavantal\u0131 Beyaz Sirke\u2019de\u201c, g\u00fczelli\u011fe ve hijyene hayran ki\u015filer \u00a0taraf\u0131ndan tutkuyla kullan\u0131lan \u201cAloe Veral\u0131 Beyaz Sirke\u2019yi\u201d ve d\u00fc\u015f\u00fck ph derecesi, antibakteriyel ve antiseptik \u00f6zelli\u011finin yan\u0131 s\u0131ra sitrik asit bak\u0131m\u0131ndan zengin yap\u0131s\u0131yla temizlikte kullan\u0131labilecek do\u011fal \u00fcr\u00fcnlerden bir tanesi olan \u201cLimonlu Beyaz Sirke \u201c \u00fcr\u00fcnlerini portf\u00f6y\u00fcne ilave ederek \u00fcr\u00fcn a\u011fac\u0131n\u0131 geni\u015fletti.<\/p>\n<p>Fuar s\u00fcresince\u00a0 konuklar\u0131n\u0131 B421 numaral\u0131 Kilikya \u015ealgam stand\u0131nda konuk edecek Kilikya \u015ealgam Y\u00f6netim Kurulu Ba\u015fkan\u0131\u00a0 Selahiddin Nas, Y\u00f6netim Kurulu \u00dcyesi Melih Nas ve Kilikya \u015ealgam sat\u0131\u015f ve ihracat ekibi , her fuarda oldu\u011fu gibi world food \u0130stanbul fuar\u0131nda da i\u015f ba\u011flant\u0131lar\u0131n\u0131n, tan\u0131\u015fmalar\u0131n ve sekt\u00f6rel sohbetlerle zengin bir d\u00f6rt g\u00fcn ge\u00e7irecek.<\/p>\n<p>Kilikya \u015ealgam , 2007 y\u0131l\u0131ndan itibaren\u00a0 Adana Organize Sanayi B\u00f6lgesinde bulunan fabrikas\u0131nda 16.000 m2\u00a0 a\u00e7\u0131k alan , 7.500 m2 kapal\u0131 alan \u00fczerinde ayl\u0131k 3 milyon litre\u00a0 \u00fcretim kapasitesi ile faaliyetine devam etmektedir.\u00a0 Y\u0131ll\u0131k 36 milyon litre \u00fcretim kapasitesine sahip olan Kilikya \u015ealgam T\u00fcrkiye \u2018de 9 b\u00f6lge M\u00fcd\u00fcrl\u00fc\u011f\u00fc ile yayg\u0131n da\u011f\u0131t\u0131m a\u011f\u0131 , ulusal ve yerel zincir marketlerin raflar\u0131nda konumlanarak eri\u015fimi kolayla\u015ft\u0131rmakta T\u00fcrkiye pazar\u0131n\u0131n %95 \u2018ine hizmet vermektedir.\u00a0 Avrupa, Amerika, Rusya, Uzakdo\u011fu gibi 30 \u2018 u a\u015fk\u0131n d\u00fcnya \u00fclkelerine ihracat ger\u00e7ekle\u015ftirmektedir.<\/p>\n<p>Online sipari\u015f sitesi <a href=\"http:\/\/www.kilikyashop.com\">www.kilikyashop.com<\/a> ve N11, Hepsiburada, Trendyol, Amazon, \u00a0\u00c7i\u00e7ek sepeti gibi t\u00fcketicinin tercih etti\u011fi\u00a0 online sat\u0131\u015f yapan pazar yerlerinde \u00fcr\u00fcnlerini konumland\u0131rarak t\u00fcketici al\u0131\u015fkanl\u0131klar\u0131na da cevap vermi\u015f oluyor.<\/p>\n","protected":false},"excerpt":{"rendered":"<p>1-4 Eyl\u00fcl 2022 tarihinde T\u00fcyap Fuar Merkezinde ger\u00e7ekle\u015ftirilecek\u00a0 WorldFood \u0130stanbul Fuar\u0131nda yerini alan Kilikya \u015ealgam \u00a0yeni \u00fcr\u00fcn \u00e7e\u015fitlerini g\u0131da d\u00fcnyas\u0131na sunacak. D\u00fcnya\u2019dan ve T\u00fcrkiye\u2019den gelecek olan g\u0131da distrib\u00fct\u00f6rlerini stand\u0131nda kar\u015f\u0131layacak olman\u0131n heyecan\u0131n\u0131 \u00a0ya\u015fayan Kilikya \u015ealgam ekibi,\u00a0 yeni i\u015f ortaklar\u0131 ile tan\u0131\u015faca\u011f\u0131 4 g\u00fcn\u00fcn sonunda ihracat yapt\u0131\u011f\u0131 \u00fclkelere yenilerini eklemeyi hedefliyor. \u00a0 Bu y\u0131l 30\u2019uncu kez&#8230;<\/p>\n","protected":false},"author":2,"featured_media":16570,"comment_status":"closed","ping_status":"closed","sticky":false,"template":"","format":"standard","meta":{"footnotes":""},"categories":[32],"tags":[85,87,86],"aioseo_notices":[],"_links":{"self":[{"href":"https:\/\/kilikya.com.tr\/en\/wp-json\/wp\/v2\/posts\/16569"}],"collection":[{"href":"https:\/\/kilikya.com.tr\/en\/wp-json\/wp\/v2\/posts"}],"about":[{"href":"https:\/\/kilikya.com.tr\/en\/wp-json\/wp\/v2\/types\/post"}],"author":[{"embeddable":true,"href":"https:\/\/kilikya.com.tr\/en\/wp-json\/wp\/v2\/users\/2"}],"replies":[{"embeddable":true,"href":"https:\/\/kilikya.com.tr\/en\/wp-json\/wp\/v2\/comments?post=16569"}],"version-history":[{"count":0,"href":"https:\/\/kilikya.com.tr\/en\/wp-json\/wp\/v2\/posts\/16569\/revisions"}],"wp:featuredmedia":[{"embeddable":true,"href":"https:\/\/kilikya.com.tr\/en\/wp-json\/wp\/v2\/media\/16570"}],"wp:attachment":[{"href":"https:\/\/kilikya.com.tr\/en\/wp-json\/wp\/v2\/media?parent=16569"}],"wp:term":[{"taxonomy":"category","embeddable":true,"href":"https:\/\/kilikya.com.tr\/en\/wp-json\/wp\/v2\/categories?post=16569"},{"taxonomy":"post_tag","embeddable":true,"href":"https:\/\/kilikya.com.tr\/en\/wp-json\/wp\/v2\/tags?post=16569"}],"curies":[{"name":"wp","href":"https:\/\/api.w.org\/{rel}","templated":true}]}}