{"id":15777,"date":"2014-11-04T16:51:59","date_gmt":"2014-11-04T13:51:59","guid":{"rendered":"https:\/\/kilikya.com.tr\/sial-uluslararasi-kuru-gida-fuari\/"},"modified":"2020-11-17T12:04:05","modified_gmt":"2020-11-17T09:04:05","slug":"sial-uluslararasi-kuru-gida-fuari","status":"publish","type":"post","link":"https:\/\/kilikya.com.tr\/en\/sial-uluslararasi-kuru-gida-fuari\/","title":{"rendered":"S\u0130AL Uluslararas\u0131 kuru G\u0131da Fuar\u0131"},"content":{"rendered":"<p>19 -23 Ekim 2014 Tarihler aras\u0131nda Fransa\u2019n\u0131n Paris \u015fehrinde d\u00fczenlenen. D\u00fcnyas\u0131n\u0131n en prestijli S\u0130AL Uluslararas\u0131 kuru G\u0131da Fuar\u0131n \u2019da .T\u00fcrkiye, 266 T\u00fcrk firmas\u0131 ile kat\u0131larak adeta \u00e7\u0131karma yapt\u0131.<\/p>\n<p>Fuar\u0131n a\u00e7\u0131l\u0131\u015f t\u00f6renine, Fransa Tar\u0131m Bakan\u0131 Stephan Le Foll&#8217;\u00fcn yan\u0131 s\u0131ra T\u00fcrkiye&#8217;nin Paris B\u00fcy\u00fckel\u00e7isi Hakk\u0131 Akil de kat\u0131ld\u0131.<\/p>\n<p>K\u0130L\u0130KYA \u015eALGAM \u0130\u00c7E\u00c7EK SAN VE T\u0130C A.\u015e olarak kat\u0131l\u0131mc\u0131 oldu\u011fumuz \u201cBu y\u0131lki fuar, firmam\u0131z ad\u0131na \u00e7ok iyi ge\u00e7ti diyebilirim. Hem \u00fcr\u00fcn \u00e7e\u015fitli\u011fimizi sunmak amac\u0131yla, hem de m\u00fc\u015fterilerimize daha yeni bilgilerle fuara kat\u0131ld\u0131\u011f\u0131m\u0131z i\u00e7in talepte de bir o kadar art\u0131\u015f oldu.Yeni y\u0131l\u0131n firmam\u0131z i\u00e7in daha y\u00fcksek performanslar getirece\u011fine inan\u0131yoruz bunun i\u00e7inde ekibimizle olabildi\u011fince h\u0131zl\u0131 ve verimli \u00e7al\u0131\u015fmalar i\u00e7erisindeyiz. Mevcut \u00fcr\u00fcnler \u00fczerinde geli\u015fmeler ve yeni \u00fcr\u00fcn yelpazesiyle. Her y\u0131l oldu\u011fu gibi \u00f6n\u00fcm\u00fczdeki y\u0131llarda da Fransa\u2019n\u0131n Paris \u015fehrinde d\u00fczenlenecek olan S\u0130AL Uluslararas\u0131 Fuar\u0131\u2019nda yer almaya devam edece\u011fiz.<\/p>\n<div data-elfsight-social-share-buttons-options=\"%7B%22items%22%3A%5B%7B%22network%22%3A%22facebook%22%2C%22buttonText%22%3A%22Facebook%22%7D%2C%7B%22network%22%3A%22twitter%22%2C%22buttonText%22%3A%22Twitter%22%7D%2C%7B%22network%22%3A%22linkedin%22%2C%22buttonText%22%3A%22LinkedIn%22%7D%2C%7B%22network%22%3A%22whatsapp%22%2C%22buttonText%22%3A%22WhatsApp%22%7D%2C%7B%22network%22%3A%22email%22%2C%22buttonText%22%3A%22Email%22%7D%2C%7B%22network%22%3A%22%22%2C%22buttonText%22%3Anull%7D%5D%2C%22location%22%3A%22inline%22%2C%22position%22%3A%22left%22%2C%22columns%22%3A%22auto%22%2C%22gutter%22%3A12%2C%22hideOnMobile%22%3Afalse%2C%22elements%22%3A%5B%22icon%22%5D%2C%22shape%22%3A%22rectangle%22%2C%22width%22%3A%22auto%22%2C%22style%22%3A%22material%22%2C%22iconColor%22%3A%22white%22%2C%22bgColor%22%3A%22native%22%2C%22iconColorOnHover%22%3A%22white%22%2C%22bgColorOnHover%22%3A%22native%22%2C%22animation%22%3A%22bounce%22%2C%22transparency%22%3A100%2C%22transparencyOnHover%22%3A100%7D\"><\/div>\n","protected":false},"excerpt":{"rendered":"<p>19 -23 Ekim 2014 Tarihler aras\u0131nda Fransa\u2019n\u0131n Paris \u015fehrinde d\u00fczenlenen. D\u00fcnyas\u0131n\u0131n en prestijli S\u0130AL Uluslararas\u0131 kuru G\u0131da Fuar\u0131n \u2019da .T\u00fcrkiye, 266 T\u00fcrk firmas\u0131 ile kat\u0131larak adeta \u00e7\u0131karma yapt\u0131. Fuar\u0131n a\u00e7\u0131l\u0131\u015f t\u00f6renine, Fransa Tar\u0131m Bakan\u0131 Stephan Le Foll&#8217;\u00fcn yan\u0131 s\u0131ra T\u00fcrkiye&#8217;nin Paris B\u00fcy\u00fckel\u00e7isi Hakk\u0131 Akil de kat\u0131ld\u0131. K\u0130L\u0130KYA \u015eALGAM \u0130\u00c7E\u00c7EK SAN VE T\u0130C A.\u015e olarak kat\u0131l\u0131mc\u0131&#8230;<\/p>\n","protected":false},"author":2,"featured_media":15778,"comment_status":"closed","ping_status":"closed","sticky":false,"template":"","format":"standard","meta":{"footnotes":""},"categories":[33],"tags":[],"aioseo_notices":[],"_links":{"self":[{"href":"https:\/\/kilikya.com.tr\/en\/wp-json\/wp\/v2\/posts\/15777"}],"collection":[{"href":"https:\/\/kilikya.com.tr\/en\/wp-json\/wp\/v2\/posts"}],"about":[{"href":"https:\/\/kilikya.com.tr\/en\/wp-json\/wp\/v2\/types\/post"}],"author":[{"embeddable":true,"href":"https:\/\/kilikya.com.tr\/en\/wp-json\/wp\/v2\/users\/2"}],"replies":[{"embeddable":true,"href":"https:\/\/kilikya.com.tr\/en\/wp-json\/wp\/v2\/comments?post=15777"}],"version-history":[{"count":0,"href":"https:\/\/kilikya.com.tr\/en\/wp-json\/wp\/v2\/posts\/15777\/revisions"}],"wp:featuredmedia":[{"embeddable":true,"href":"https:\/\/kilikya.com.tr\/en\/wp-json\/wp\/v2\/media\/15778"}],"wp:attachment":[{"href":"https:\/\/kilikya.com.tr\/en\/wp-json\/wp\/v2\/media?parent=15777"}],"wp:term":[{"taxonomy":"category","embeddable":true,"href":"https:\/\/kilikya.com.tr\/en\/wp-json\/wp\/v2\/categories?post=15777"},{"taxonomy":"post_tag","embeddable":true,"href":"https:\/\/kilikya.com.tr\/en\/wp-json\/wp\/v2\/tags?post=15777"}],"curies":[{"name":"wp","href":"https:\/\/api.w.org\/{rel}","templated":true}]}}