{"id":15771,"date":"2018-07-31T17:14:45","date_gmt":"2018-07-31T14:14:45","guid":{"rendered":"https:\/\/kilikya.com.tr\/fransa-paris-sial-fuarindayiz\/"},"modified":"2020-11-17T12:04:04","modified_gmt":"2020-11-17T09:04:04","slug":"fransa-paris-sial-fuarindayiz","status":"publish","type":"post","link":"https:\/\/kilikya.com.tr\/en\/fransa-paris-sial-fuarindayiz\/","title":{"rendered":"Fransa Paris SIAL Fuar\u0131nday\u0131z"},"content":{"rendered":"<p><strong>Kilikya \u015ealgam, D\u00fcnyan\u0131n en prestijli g\u0131da fuarlar\u0131ndan biri olan SIAL\u2019de, \u00fcr\u00fcnlerini t\u00fcm d\u00fcnyadan gelecek g\u0131da profesyonellerine tan\u0131tmak i\u00e7in haz\u0131r.<\/strong><\/p>\n<p>30 \u2018u a\u015fk\u0131n \u00fclkeye ihracat yapan Kilikya \u015ealgam 21-25 Ekim 2018 tarihleri aras\u0131nda Fransa\u2019n\u0131n ba\u015fkenti Paris\u2019te d\u00fczenlenecek SIAL 2018 Uluslararas\u0131 G\u0131da Fuar\u0131\u2019nda t\u00fcm d\u00fcnyadan gelecek g\u0131da profesyonelleri ile bulu\u015farak d\u00fcnya \u00e7ap\u0131nda i\u015f ba\u011flant\u0131lar\u0131 kurmak, yeni i\u015f f\u0131rsatlar\u0131 yaratmak ve son trendleri takip ederek i\u015f ortaklar\u0131 ile ba\u011flant\u0131lar\u0131n\u0131 kuvvetlendirmeyi ama\u00e7lamakta.<\/p>\n<p>Kilikya , T\u00fcrkiye pavilyon standlar\u0131nda yerini alarak fuar s\u00fcresince \u00fcr\u00fcn yelpazesinde bulunan \u015ealgam , Organik \u015falgam , Special \u015falgam \u00e7e\u015fitlerine ek olarak Limonata, Ice tea, Limon Sosu, \u00dcz\u00fcm Sirkesi, Elma Sirkesi, Balsamik Sirke, Nar Sirkesi, Beyaz Sirke , Tur\u015fukur, %100 Do\u011fal Nar Ek\u015fisi, Nar Ek\u015fili Sos, Ac\u0131 Biber Sosu , Sirke Sosu, Soya Sosu 100\u2019 e yak\u0131n \u00fcr\u00fcn\u00fc sergileyerek , \u015ealgam i\u00e7ece\u011finin tan\u0131t\u0131m\u0131n\u0131 ve tad\u0131m\u0131n\u0131 ger\u00e7ekle\u015ftirecek.<\/p>\n<p>Kilikya \u015ealgam , 4. Kez kat\u0131ld\u0131\u011f\u0131 Sial \u2018de kendi \u00fcr\u00fcnlerini tan\u0131tman\u0131n yan\u0131nda \u00fclke g\u0131da sekt\u00f6r\u00fc imaj\u0131na da \u00f6nemli katk\u0131lar sa\u011flay\u0131p, bu fuar vesilesi ile hem d\u00fcnya \u00e7ap\u0131nda T\u00fcrk Mal\u0131 imaj\u0131n\u0131 g\u00fc\u00e7lendirme hem de marka bilinirli\u011fini artt\u0131rma f\u0131rsat\u0131 elde edecek .<\/p>\n<div data-elfsight-social-share-buttons-options=\"%7B%22items%22%3A%5B%7B%22network%22%3A%22facebook%22%2C%22buttonText%22%3A%22Facebook%22%7D%2C%7B%22network%22%3A%22twitter%22%2C%22buttonText%22%3A%22Twitter%22%7D%2C%7B%22network%22%3A%22linkedin%22%2C%22buttonText%22%3A%22LinkedIn%22%7D%2C%7B%22network%22%3A%22whatsapp%22%2C%22buttonText%22%3A%22WhatsApp%22%7D%2C%7B%22network%22%3A%22email%22%2C%22buttonText%22%3A%22Email%22%7D%2C%7B%22network%22%3A%22%22%2C%22buttonText%22%3Anull%7D%5D%2C%22location%22%3A%22inline%22%2C%22position%22%3A%22left%22%2C%22columns%22%3A%22auto%22%2C%22gutter%22%3A12%2C%22hideOnMobile%22%3Afalse%2C%22elements%22%3A%5B%22icon%22%5D%2C%22shape%22%3A%22rectangle%22%2C%22width%22%3A%22auto%22%2C%22style%22%3A%22material%22%2C%22iconColor%22%3A%22white%22%2C%22bgColor%22%3A%22native%22%2C%22iconColorOnHover%22%3A%22white%22%2C%22bgColorOnHover%22%3A%22native%22%2C%22animation%22%3A%22bounce%22%2C%22transparency%22%3A100%2C%22transparencyOnHover%22%3A100%7D\"><\/div>\n","protected":false},"excerpt":{"rendered":"<p>Kilikya \u015ealgam, D\u00fcnyan\u0131n en prestijli g\u0131da fuarlar\u0131ndan biri olan SIAL\u2019de, \u00fcr\u00fcnlerini t\u00fcm d\u00fcnyadan gelecek g\u0131da profesyonellerine tan\u0131tmak i\u00e7in haz\u0131r. 30 \u2018u a\u015fk\u0131n \u00fclkeye ihracat yapan Kilikya \u015ealgam 21-25 Ekim 2018 tarihleri aras\u0131nda Fransa\u2019n\u0131n ba\u015fkenti Paris\u2019te d\u00fczenlenecek SIAL 2018 Uluslararas\u0131 G\u0131da Fuar\u0131\u2019nda t\u00fcm d\u00fcnyadan gelecek g\u0131da profesyonelleri ile bulu\u015farak d\u00fcnya \u00e7ap\u0131nda i\u015f ba\u011flant\u0131lar\u0131 kurmak, yeni i\u015f&#8230;<\/p>\n","protected":false},"author":2,"featured_media":15772,"comment_status":"closed","ping_status":"closed","sticky":false,"template":"","format":"standard","meta":{"footnotes":""},"categories":[33],"tags":[],"aioseo_notices":[],"_links":{"self":[{"href":"https:\/\/kilikya.com.tr\/en\/wp-json\/wp\/v2\/posts\/15771"}],"collection":[{"href":"https:\/\/kilikya.com.tr\/en\/wp-json\/wp\/v2\/posts"}],"about":[{"href":"https:\/\/kilikya.com.tr\/en\/wp-json\/wp\/v2\/types\/post"}],"author":[{"embeddable":true,"href":"https:\/\/kilikya.com.tr\/en\/wp-json\/wp\/v2\/users\/2"}],"replies":[{"embeddable":true,"href":"https:\/\/kilikya.com.tr\/en\/wp-json\/wp\/v2\/comments?post=15771"}],"version-history":[{"count":0,"href":"https:\/\/kilikya.com.tr\/en\/wp-json\/wp\/v2\/posts\/15771\/revisions"}],"wp:featuredmedia":[{"embeddable":true,"href":"https:\/\/kilikya.com.tr\/en\/wp-json\/wp\/v2\/media\/15772"}],"wp:attachment":[{"href":"https:\/\/kilikya.com.tr\/en\/wp-json\/wp\/v2\/media?parent=15771"}],"wp:term":[{"taxonomy":"category","embeddable":true,"href":"https:\/\/kilikya.com.tr\/en\/wp-json\/wp\/v2\/categories?post=15771"},{"taxonomy":"post_tag","embeddable":true,"href":"https:\/\/kilikya.com.tr\/en\/wp-json\/wp\/v2\/tags?post=15771"}],"curies":[{"name":"wp","href":"https:\/\/api.w.org\/{rel}","templated":true}]}}